{"id":36,"date":"2026-01-21T15:15:29","date_gmt":"2026-01-21T14:15:29","guid":{"rendered":"https:\/\/etudiant33.webuco.fr\/?p=36"},"modified":"2026-04-13T19:43:16","modified_gmt":"2026-04-13T17:43:16","slug":"interview-intervenant","status":"publish","type":"post","link":"https:\/\/etudiant33.webuco.fr\/index.php\/2026\/01\/21\/interview-intervenant\/","title":{"rendered":"Interview &#8220;intervenant&#8221;"},"content":{"rendered":"\n<div class=\"gb-element-c427cddd\">\n<div class=\"gb-element-561d0b2d\">\n<p class=\"gb-text\"><strong>Rencontre avec Paul Hervey-Brookes<\/strong> <em>Fleuriste, compositeur floral et invit\u00e9 de notre festival<\/em><br><br><strong>Pour ceux qui ne vous connaissent pas encore, comment vous pr\u00e9senteriez-vous ?<\/strong><br>Je suis fleuriste, mais avant tout quelqu&#8217;un qui observe. J&#8217;ai grandi dans un jardin, les mains dans la terre depuis l&#8217;enfance, et je crois que tout ce que je fais aujourd&#8217;hui d\u00e9coule de \u00e7a. La composition florale, pour moi, ce n&#8217;est pas un m\u00e9tier d&#8217;int\u00e9rieur \u2014 c&#8217;est un dialogue permanent avec le dehors, avec les saisons, avec ce que la nature d\u00e9cide d&#8217;offrir ce jour-l\u00e0.<br><strong>Qu&#8217;est-ce qui vous a amen\u00e9 \u00e0 vous sp\u00e9cialiser dans les fleurs locales et de saison ?<\/strong><br>La d\u00e9sillusion, honn\u00eatement. Au d\u00e9but de ma carri\u00e8re, je travaillais comme beaucoup avec des fleurs import\u00e9es, des tiges calibr\u00e9es, parfaites en apparence mais sans \u00e2me. Un jour j&#8217;ai re\u00e7u une brass\u00e9e de dahlias d&#8217;un producteur \u00e0 une heure de chez moi \u2014 les couleurs \u00e9taient imparfaites, les tiges un peu tordues, et c&#8217;\u00e9tait d&#8217;une beaut\u00e9 \u00e0 couper le souffle. \u00c0 partir de l\u00e0, je n&#8217;ai plus jamais regard\u00e9 une fleur import\u00e9e de la m\u00eame fa\u00e7on. Le local, ce n&#8217;est pas une contrainte, c&#8217;est une lib\u00e9ration cr\u00e9ative.<br><br><strong>Un dernier mot sur ce festival ?<\/strong><br>Ce qui me pla\u00eet ici, c&#8217;est que l&#8217;\u00e9cologie n&#8217;est pas un argument marketing. C&#8217;est une vraie posture, que je sens dans chaque d\u00e9tail de l&#8217;organisation. On parle des fleurs, mais on parle surtout du monde dans lequel elles poussent \u2014 ou dans lequel elles peinent \u00e0 pousser. C&#8217;est le genre de conversation que j&#8217;ai envie d&#8217;avoir, et je suis heureux de pouvoir la mener ici avec le public.<\/p>\n<\/div>\n\n\n\n<p class=\"gb-text gb-text-f57b6268\"><\/p>\n<\/div>\n\n\n\n<div class=\"gb-element-2a712267\">\n<div class=\"gb-element-e44d7cb1\">\n<p class=\"gb-text\"><\/p>\n<\/div>\n\n\n\n<div>\n<p class=\"gb-text\"><strong>Comment d\u00e9cririez-vous votre approche de la composition florale ?<\/strong><br>Je travaille beaucoup avec l&#8217;id\u00e9e de mouvement. Un bouquet ne doit pas \u00eatre fig\u00e9, il doit avoir l&#8217;air de pousser encore, d&#8217;\u00eatre en train de se d\u00e9ployer. J&#8217;aime m\u00e9langer les textures, associer une fleur noble avec une herbe sauvage que personne ne remarquerait dans un champ, et voir comment elles se mettent mutuellement en valeur. <br><strong>Qu&#8217;est-ce que vous aimez dans le fait de transmettre, d&#8217;enseigner ?<\/strong><br>C&#8217;est le moment o\u00f9 quelqu&#8217;un tient son premier bouquet termin\u00e9 entre les mains et r\u00e9alise qu&#8217;il l&#8217;a fait lui-m\u00eame. Il y a une fiert\u00e9 dans ce regard-l\u00e0 qui me touche \u00e0 chaque fois. Beaucoup de gens arrivent en pensant qu&#8217;ils ne sont pas cr\u00e9atifs, qu&#8217;ils n&#8217;ont pas le coup de main. Et en une heure et demie, ils d\u00e9couvrent que la composition florale, c&#8217;est avant tout une question d&#8217;observation et de confiance en soi. Le geste technique s&#8217;apprend tr\u00e8s vite. Ce qui prend du temps, c&#8217;est d&#8217;oser.<\/p>\n<\/div>\n<\/div>\n","protected":false},"excerpt":{"rendered":"<p>Rencontre avec Paul Hervey-Brookes Fleuriste, compositeur floral et invit\u00e9 de notre festival Pour ceux qui ne vous connaissent pas encore, comment vous pr\u00e9senteriez-vous ?Je suis fleuriste, mais avant tout quelqu&#8217;un qui observe. J&#8217;ai grandi dans un jardin, les mains dans la terre depuis l&#8217;enfance, et je crois que tout ce que je fais aujourd&#8217;hui d\u00e9coule &#8230; <a title=\"Interview &#8220;intervenant&#8221;\" class=\"read-more\" href=\"https:\/\/etudiant33.webuco.fr\/index.php\/2026\/01\/21\/interview-intervenant\/\" aria-label=\"Read more about Interview &#8220;intervenant&#8221;\">Read more<\/a><\/p>\n","protected":false},"author":1,"featured_media":0,"comment_status":"closed","ping_status":"closed","sticky":false,"template":"","format":"standard","meta":{"footnotes":""},"categories":[1],"tags":[],"class_list":["post-36","post","type-post","status-publish","format-standard","hentry","category-non-classe"],"_links":{"self":[{"href":"https:\/\/etudiant33.webuco.fr\/index.php\/wp-json\/wp\/v2\/posts\/36","targetHints":{"allow":["GET"]}}],"collection":[{"href":"https:\/\/etudiant33.webuco.fr\/index.php\/wp-json\/wp\/v2\/posts"}],"about":[{"href":"https:\/\/etudiant33.webuco.fr\/index.php\/wp-json\/wp\/v2\/types\/post"}],"author":[{"embeddable":true,"href":"https:\/\/etudiant33.webuco.fr\/index.php\/wp-json\/wp\/v2\/users\/1"}],"replies":[{"embeddable":true,"href":"https:\/\/etudiant33.webuco.fr\/index.php\/wp-json\/wp\/v2\/comments?post=36"}],"version-history":[{"count":2,"href":"https:\/\/etudiant33.webuco.fr\/index.php\/wp-json\/wp\/v2\/posts\/36\/revisions"}],"predecessor-version":[{"id":436,"href":"https:\/\/etudiant33.webuco.fr\/index.php\/wp-json\/wp\/v2\/posts\/36\/revisions\/436"}],"wp:attachment":[{"href":"https:\/\/etudiant33.webuco.fr\/index.php\/wp-json\/wp\/v2\/media?parent=36"}],"wp:term":[{"taxonomy":"category","embeddable":true,"href":"https:\/\/etudiant33.webuco.fr\/index.php\/wp-json\/wp\/v2\/categories?post=36"},{"taxonomy":"post_tag","embeddable":true,"href":"https:\/\/etudiant33.webuco.fr\/index.php\/wp-json\/wp\/v2\/tags?post=36"}],"curies":[{"name":"wp","href":"https:\/\/api.w.org\/{rel}","templated":true}]}}