{"id":38,"date":"2026-01-21T15:15:57","date_gmt":"2026-01-21T14:15:57","guid":{"rendered":"https:\/\/etudiant33.webuco.fr\/?p=38"},"modified":"2026-04-13T19:42:49","modified_gmt":"2026-04-13T17:42:49","slug":"lecologie-au-centre-due-notre-festival","status":"publish","type":"post","link":"https:\/\/etudiant33.webuco.fr\/index.php\/2026\/01\/21\/lecologie-au-centre-due-notre-festival\/","title":{"rendered":"L&#8217;\u00e9cologie au centre due notre festival"},"content":{"rendered":"\n<div class=\"gb-element-bd16344c\">\n<p class=\"gb-text gb-text-c4c08b5b\">Depuis 2019, notre festival floral place la nature non pas comme un d\u00e9cor, mais comme une conviction. Derri\u00e8re chaque bouquet compos\u00e9, chaque plante cultiv\u00e9e, chaque atelier anim\u00e9, se dessine une m\u00eame ambition : c\u00e9l\u00e9brer le vivant tout en le respectant profond\u00e9ment.<br>Nous croyons qu&#8217;un festival consacr\u00e9 aux fleurs et aux jardins ne peut pas se permettre d&#8217;ignorer les enjeux qui menacent aujourd&#8217;hui la biodiversit\u00e9, les pollinisateurs et les \u00e9quilibres fragiles du monde v\u00e9g\u00e9tal. C&#8217;est pourquoi l&#8217;\u00e9cologie n&#8217;est pas une option dans notre d\u00e9marche elle en est le fondement.<br>Concr\u00e8tement, cela se traduit par des choix assum\u00e9s \u00e0 chaque \u00e9tape de l&#8217;\u00e9v\u00e9nement. Les fleurs et les plantes pr\u00e9sent\u00e9es proviennent en priorit\u00e9 de producteurs locaux, engag\u00e9s dans des pratiques raisonn\u00e9es ou biologiques, qui cultivent dans le respect des sols et des saisons.<\/p>\n\n\n\n<p class=\"gb-text gb-text-4f80cac7\"><\/p>\n<\/div>\n\n\n\n<div class=\"gb-element-780ce3f3\">\n<p class=\"gb-text gb-text-407ef425\"><\/p>\n\n\n\n<p class=\"gb-text gb-text-8b574a97\">Nous refusons les fleurs import\u00e9es de l&#8217;autre bout du monde, coup\u00e9es avant maturit\u00e9 et transport\u00e9es dans des conditions \u00e9nergivores. Ce que vous verrez ici pousse pr\u00e8s d&#8217;ici, et cela change tout \u00e0 la qualit\u00e9, au parfum, \u00e0 l&#8217;authenticit\u00e9 de l&#8217;exp\u00e9rience.<br>Nos ateliers sont pens\u00e9s dans le m\u00eame esprit. Apprendre \u00e0 composer un bouquet avec des esp\u00e8ces de saison, cr\u00e9er un espace accueillant pour les abeilles et les papillons, comprendre les cycles de floraison pour jardiner en harmonie avec la nature plut\u00f4t que contre elle : autant de gestes simples qui, transmis et r\u00e9p\u00e9t\u00e9s, contribuent \u00e0 un rapport plus juste au monde vivant.<br>Nous avons \u00e9galement veill\u00e9 \u00e0 r\u00e9duire au maximum l&#8217;empreinte de l&#8217;\u00e9v\u00e9nement lui-m\u00eame :<\/p>\n<\/div>\n\n\n\n<div class=\"gb-element-5530d6a0\">\n<div>\n<p class=\"gb-text gb-text-8616095f\">mat\u00e9riaux r\u00e9utilisables, limitation du plastique, compostage des d\u00e9chets v\u00e9g\u00e9taux, signal\u00e9tique sobre et durable. Parce qu&#8217;un festival qui aime les fleurs se doit aussi d&#8217;aimer la terre dans laquelle elles poussent.<br>Enfin, nous souhaitons que cette \u00e9dition soit un espace de sensibilisation autant que de c\u00e9l\u00e9bration. Comprendre pourquoi les pollinisateurs disparaissent, pourquoi la monoculture appauvrit les \u00e9cosyst\u00e8mes, pourquoi replanter des haies ou laisser pousser les &#8220;mauvaises herbes&#8221; peut changer la vie d&#8217;un jardin : ce sont des savoirs pr\u00e9cieux, accessibles \u00e0 tous, que nous souhaitons partager avec nos visiteurs, petits et grands.<br>L&#8217;\u00e9cologie n&#8217;est pas une contrainte que nous subissons. C&#8217;est une boussole que nous avons choisie.<\/p>\n<\/div>\n\n\n\n<p class=\"gb-text gb-text-66538d6e\"><\/p>\n<\/div>\n","protected":false},"excerpt":{"rendered":"<p>Depuis 2019, notre festival floral place la nature non pas comme un d\u00e9cor, mais comme une conviction. Derri\u00e8re chaque bouquet compos\u00e9, chaque plante cultiv\u00e9e, chaque atelier anim\u00e9, se dessine une m\u00eame ambition : c\u00e9l\u00e9brer le vivant tout en le respectant profond\u00e9ment.Nous croyons qu&#8217;un festival consacr\u00e9 aux fleurs et aux jardins ne peut pas se permettre &#8230; <a title=\"L&#8217;\u00e9cologie au centre due notre festival\" class=\"read-more\" href=\"https:\/\/etudiant33.webuco.fr\/index.php\/2026\/01\/21\/lecologie-au-centre-due-notre-festival\/\" aria-label=\"Read more about L&#8217;\u00e9cologie au centre due notre festival\">Read more<\/a><\/p>\n","protected":false},"author":1,"featured_media":0,"comment_status":"closed","ping_status":"closed","sticky":false,"template":"","format":"standard","meta":{"footnotes":""},"categories":[1],"tags":[],"class_list":["post-38","post","type-post","status-publish","format-standard","hentry","category-non-classe"],"_links":{"self":[{"href":"https:\/\/etudiant33.webuco.fr\/index.php\/wp-json\/wp\/v2\/posts\/38","targetHints":{"allow":["GET"]}}],"collection":[{"href":"https:\/\/etudiant33.webuco.fr\/index.php\/wp-json\/wp\/v2\/posts"}],"about":[{"href":"https:\/\/etudiant33.webuco.fr\/index.php\/wp-json\/wp\/v2\/types\/post"}],"author":[{"embeddable":true,"href":"https:\/\/etudiant33.webuco.fr\/index.php\/wp-json\/wp\/v2\/users\/1"}],"replies":[{"embeddable":true,"href":"https:\/\/etudiant33.webuco.fr\/index.php\/wp-json\/wp\/v2\/comments?post=38"}],"version-history":[{"count":2,"href":"https:\/\/etudiant33.webuco.fr\/index.php\/wp-json\/wp\/v2\/posts\/38\/revisions"}],"predecessor-version":[{"id":435,"href":"https:\/\/etudiant33.webuco.fr\/index.php\/wp-json\/wp\/v2\/posts\/38\/revisions\/435"}],"wp:attachment":[{"href":"https:\/\/etudiant33.webuco.fr\/index.php\/wp-json\/wp\/v2\/media?parent=38"}],"wp:term":[{"taxonomy":"category","embeddable":true,"href":"https:\/\/etudiant33.webuco.fr\/index.php\/wp-json\/wp\/v2\/categories?post=38"},{"taxonomy":"post_tag","embeddable":true,"href":"https:\/\/etudiant33.webuco.fr\/index.php\/wp-json\/wp\/v2\/tags?post=38"}],"curies":[{"name":"wp","href":"https:\/\/api.w.org\/{rel}","templated":true}]}}